{"id":6517,"date":"2023-07-10T10:20:50","date_gmt":"2023-07-10T13:20:50","guid":{"rendered":"http:\/\/pimenta.mg.gov.br\/prefeitura\/?p=6517"},"modified":"2023-10-23T13:42:47","modified_gmt":"2023-10-23T16:42:47","slug":"processo-seletivo-publico-edital-no-01-2023","status":"publish","type":"post","link":"http:\/\/pimenta.mg.gov.br\/prefeitura\/processo-seletivo-publico-edital-no-01-2023\/","title":{"rendered":"PROCESSO SELETIVO P\u00daBLICO &#8211; EDITAL N\u00ba 01\/2023"},"content":{"rendered":"\n<p>O representante legal do Poder Executivo de Pimenta\/MG, no exerc\u00edcio de suas atribui\u00e7\u00f5es legais, faz saber a realiza\u00e7\u00e3o de processo seletivo p\u00fablico, com admiss\u00e3o regulamentada por Regime Administrativo Especial. <\/p>\n\n\n\n<h2 class=\"wp-block-heading\"><mark style=\"background-color:rgba(0, 0, 0, 0)\" class=\"has-inline-color has-luminous-vivid-orange-color\">\u261b<\/mark> <a href=\"https:\/\/concursos.objetivas.com.br\/informacoes\/2284\/\" data-type=\"link\" data-id=\"https:\/\/concursos.objetivas.com.br\/informacoes\/2284\/\"><mark style=\"background-color:rgba(0, 0, 0, 0)\" class=\"has-inline-color has-luminous-vivid-orange-color\">LINK DA P\u00c1GINA DO PROCESSO SELETIVO<\/mark><\/a><\/h2>\n\n\n\n<p><strong>INSCRI\u00c7\u00d5ES:<\/strong> atrav\u00e9s do site www.objetivas.com.br <\/p>\n\n\n\n<p><strong>PER\u00cdODO: <\/strong>das 12h (meio-dia) de 11\/09 at\u00e9 \u00e0s 12h (meio-dia) de 11\/10\/2023<\/p>\n\n\n\n<p>Geovanio Gualberto Macedo, Prefeito Municipal. Execu\u00e7\u00e3o: Objetiva Concursos.<\/p>\n\n\n\n<h2 class=\"wp-block-heading\"><strong><a href=\"http:\/\/pimenta.mg.gov.br\/prefeitura\/wp-content\/uploads\/2023\/07\/2023-01-Edital-de-Abertura-das-Inscricoes.pdf\" data-type=\"URL\" data-id=\"http:\/\/pimenta.mg.gov.br\/prefeitura\/wp-content\/uploads\/2023\/07\/2023-01-Edital-de-Abertura-das-Inscricoes.pdf\">CLIQUE PARA VISUALIZAR O EDITAL<\/a><\/strong><\/h2>\n\n\n\n\n\n<p>..<\/p>\n\n\n\n<h2 class=\"wp-block-heading\"><a rel=\"noreferrer noopener\" href=\"http:\/\/pimenta.mg.gov.br\/prefeitura\/wp-content\/uploads\/2023\/07\/2023-01-A-Retificacao-do-Edital-de-Abertura-das-Inscricoes-Vencimento-Enfermeiro-e-alteracao-do-Cronograma-de-Execucao.pdf\" data-type=\"URL\" data-id=\"http:\/\/pimenta.mg.gov.br\/prefeitura\/wp-content\/uploads\/2023\/07\/2023-01-A-Retificacao-do-Edital-de-Abertura-das-Inscricoes-Vencimento-Enfermeiro-e-alteracao-do-Cronograma-de-Execucao.pdf\" target=\"_blank\">CLIQUE PARA VISUALIZAR A RETIFICA\u00c7\u00c3O DO EDITAL<\/a><\/h2>\n\n\n\n\n\n<p>..<\/p>\n\n\n\n<h2 class=\"wp-block-heading\"><a href=\"file:\/\/\/C:\/Users\/Comunicacao\/Downloads\/2023-04-Homologacao-preliminar-das-inscricoes-convocacao-para-a-prova-objetiva-data-local-e-horario-e-demais-disposicoes-1.pdf\">CLIQUE PARA VISUALIZAR A HOMOLOGA\u00c7\u00c3O PRELIMINAR DAS INSCRI\u00c7\u00d5ES<\/a><\/h2>\n\n\n\n\n\n<p>..<\/p>\n\n\n\n<h2 class=\"wp-block-heading\"><a href=\"file:\/\/\/C:\/Users\/Comunicacao\/Downloads\/2023-04-Anexo-I-Relatorio-de-Inscricoes-Homologadas.pdf\">CLIQUE PARA VISUALIZAR O  ANEXO I &#8211; RELAT\u00d3RIO DE INSCRI\u00c7\u00d5ES HOMOLOGADAS<\/a><\/h2>\n\n\n\n\n\n<p>..<\/p>\n\n\n\n<h2 class=\"wp-block-heading\"><a href=\"file:\/\/\/C:\/Users\/Comunicacao\/Downloads\/2023-04-Anexo-II-Relatorio-de-Inscricoes-Nao-Processadas.pdf\">CLIQUE PARA VISUALIZAR O  ANEXO II &#8211; INSCRI\u00c7\u00d5ES N\u00c3O PROCESSADAS<\/a><\/h2>\n\n\n\n\n\n<p>..<\/p>\n\n\n\n<h2 class=\"wp-block-heading\"><a href=\"file:\/\/\/C:\/Users\/Comunicacao\/Downloads\/2023-04-Anexo-III-Relatorio-de-Solicitacoes-de-Vagas-Reservadas-para-Pessoas-com-Defici.pdf\">CLIQUE PARA VISUALIZAR O  ANEXO III &#8211; VAGAS PARA PESSOAS COM DEFICI\u00caNCIA<\/a><\/h2>\n\n\n\n\n\n<p>..<\/p>\n\n\n\n<h2 class=\"wp-block-heading\"><a href=\"file:\/\/\/C:\/Users\/Comunicacao\/Downloads\/2023-04-Anexo-IV-Solicitacoes-de-Condicoes-Especiais.pdf\" data-type=\"link\" data-id=\"file:\/\/\/C:\/Users\/Comunicacao\/Downloads\/2023-04-Anexo-IV-Solicitacoes-de-Condicoes-Especiais.pdf\">CLIQUE PARA VISUALIZAR O  ANEXO IV &#8211; SOLICITA\u00c7\u00d5ES DE CONDI\u00c7\u00d5ES ESPECIAIS<\/a><\/h2>\n\n\n","protected":false},"excerpt":{"rendered":"<p>O representante legal do Poder Executivo de Pimenta\/MG, no exerc\u00edcio de suas atribui\u00e7\u00f5es legais, faz saber a realiza\u00e7\u00e3o de processo seletivo p\u00fablico, com admiss\u00e3o regulamentada por Regime Administrativo Especial. \u261b LINK DA P\u00c1GINA DO PROCESSO SELETIVO INSCRI\u00c7\u00d5ES: atrav\u00e9s do site www.objetivas.com.br PER\u00cdODO: das 12h (meio-dia) de 11\/09 at\u00e9 \u00e0s 12h (meio-dia) de 11\/10\/2023 Geovanio Gualberto [&hellip;]<\/p>\n","protected":false},"author":4,"featured_media":6539,"comment_status":"closed","ping_status":"open","sticky":false,"template":"","format":"standard","meta":{"footnotes":""},"categories":[11,19],"tags":[],"class_list":["post-6517","post","type-post","status-publish","format-standard","has-post-thumbnail","hentry","category-informativo","category-secretaria-de-saude","wpbf-post"],"_links":{"self":[{"href":"http:\/\/pimenta.mg.gov.br\/prefeitura\/wp-json\/wp\/v2\/posts\/6517","targetHints":{"allow":["GET"]}}],"collection":[{"href":"http:\/\/pimenta.mg.gov.br\/prefeitura\/wp-json\/wp\/v2\/posts"}],"about":[{"href":"http:\/\/pimenta.mg.gov.br\/prefeitura\/wp-json\/wp\/v2\/types\/post"}],"author":[{"embeddable":true,"href":"http:\/\/pimenta.mg.gov.br\/prefeitura\/wp-json\/wp\/v2\/users\/4"}],"replies":[{"embeddable":true,"href":"http:\/\/pimenta.mg.gov.br\/prefeitura\/wp-json\/wp\/v2\/comments?post=6517"}],"version-history":[{"count":16,"href":"http:\/\/pimenta.mg.gov.br\/prefeitura\/wp-json\/wp\/v2\/posts\/6517\/revisions"}],"predecessor-version":[{"id":10979,"href":"http:\/\/pimenta.mg.gov.br\/prefeitura\/wp-json\/wp\/v2\/posts\/6517\/revisions\/10979"}],"wp:featuredmedia":[{"embeddable":true,"href":"http:\/\/pimenta.mg.gov.br\/prefeitura\/wp-json\/wp\/v2\/media\/6539"}],"wp:attachment":[{"href":"http:\/\/pimenta.mg.gov.br\/prefeitura\/wp-json\/wp\/v2\/media?parent=6517"}],"wp:term":[{"taxonomy":"category","embeddable":true,"href":"http:\/\/pimenta.mg.gov.br\/prefeitura\/wp-json\/wp\/v2\/categories?post=6517"},{"taxonomy":"post_tag","embeddable":true,"href":"http:\/\/pimenta.mg.gov.br\/prefeitura\/wp-json\/wp\/v2\/tags?post=6517"}],"curies":[{"name":"wp","href":"https:\/\/api.w.org\/{rel}","templated":true}]}}