{"id":6392,"date":"2023-03-30T15:53:56","date_gmt":"2023-03-30T18:53:56","guid":{"rendered":"http:\/\/pimenta.mg.gov.br\/prefeitura\/?p=6392"},"modified":"2023-05-03T15:36:59","modified_gmt":"2023-05-03T18:36:59","slug":"edital-do-conselho-tutelar","status":"publish","type":"post","link":"http:\/\/pimenta.mg.gov.br\/prefeitura\/edital-do-conselho-tutelar\/","title":{"rendered":"Edital de escolha dos membros do conselho tutelar"},"content":{"rendered":"\n<p>3\u00ba PROCESSO UNIFICADO DE ESCOLHA DOS MEMBROS DO CONSELHO TUTELAR DE PIMENTA\/MG. <\/p>\n\n\n\n<p>O Conselho Municipal dos Direitos da Crian\u00e7a e do Adolescente de Pimenta\/MG torna p\u00fablico a realiza\u00e7\u00e3o do 3\u00ba Processo<br>Unificado de Escolha dos Membros do Conselho Tutelar de Pimenta\/MG, conforme especifica\u00e7\u00f5es presentes no edital, seus<br>anexos e conforme o que se segue:<\/p>\n\n\n\n<p>1. Publica\u00e7\u00e3o e divulga\u00e7\u00e3o do Edital CMDCA\/PIMENTA n\u00ba. 001\/2023: de 31\/03\/2023; <\/p>\n\n\n\n<p>2. Prazo para Impugna\u00e7\u00e3o do Edital: 05 (cinco) dias \u00fateis contados a partir da data de sua publica\u00e7\u00e3o no Di\u00e1rio Oficial<br>Eletr\u00f4nico do Munic\u00edpio \u2013 DOEM; <\/p>\n\n\n\n<p>3. Per\u00edodo de Inscri\u00e7\u00f5es: de 20\/04\/2023 a 19\/05\/2023. As demais condi\u00e7\u00f5es devem ser verificadas no Edital do 3\u00ba Processo Unificado de Escolha dos Membros do Conselho Tutelar de Pimenta\/MG, dispon\u00edvel gratuitamente no site Oficial do Munic\u00edpio de Pimenta\/MG, por meio da p\u00e1gina eletr\u00f4nica www.pimenta.mg.gov.br.<\/p>\n\n\n\n<h2 class=\"wp-block-heading\"><br>Informa\u00e7\u00f5es pelos telefones (37) 3324-1057 ramal 211 ou 3324-1138. <\/h2>\n\n\n\n<p>Os prazos e as datas constantes neste edital poder\u00e3o sofrer altera\u00e7\u00f5es por decis\u00e3o da Comiss\u00e3o Organizadora, institu\u00edda pela Resolu\u00e7\u00e3o CMDCA\/PIMENTA n\u00ba 08\/2023, em decorr\u00eancia de interesse p\u00fablico, conveni\u00eancia administrativa ou por motivo de for\u00e7a maior, mediante publica\u00e7\u00e3o no Di\u00e1rio Oficial Eletr\u00f4nico do Munic\u00edpio de Pimenta\/MG \u2013 DOEM. Pimenta\/MG, 30 de mar\u00e7o de 2.023. <\/p>\n\n\n\n<p>S\u00d4NIA MARIA DA SILVEIRA &#8211; Presidente CMDCA\/PIMENTA.<\/p>\n\n\n\n<h1 class=\"wp-block-heading\"><strong><mark style=\"background-color:rgba(0, 0, 0, 0);color:#e65757\" class=\"has-inline-color\"><a href=\"http:\/\/pimenta.mg.gov.br\/prefeitura\/wp-content\/uploads\/2023\/03\/EDITAL-II-publicar-2.pdf\" data-type=\"URL\" data-id=\"http:\/\/pimenta.mg.gov.br\/prefeitura\/wp-content\/uploads\/2023\/03\/EDITAL-II-publicar-2.pdf\" target=\"_blank\" rel=\"noreferrer noopener\">CLIQUE AQUI PARA BAIXAR O EDITAL<\/a><\/mark><\/strong><\/h1>\n\n\n\n\n\n<p><\/p>\n\n\n\n<p><\/p>\n\n\n\n<h2 class=\"wp-block-heading\">Recurso de Impugna\u00e7\u00e3o ao Edital 01\/2023<\/h2>\n\n\n","protected":false},"excerpt":{"rendered":"<p>3\u00ba PROCESSO UNIFICADO DE ESCOLHA DOS MEMBROS DO CONSELHO TUTELAR DE PIMENTA\/MG. O Conselho Municipal dos Direitos da Crian\u00e7a e do Adolescente de Pimenta\/MG torna p\u00fablico a realiza\u00e7\u00e3o do 3\u00ba ProcessoUnificado de Escolha dos Membros do Conselho Tutelar de Pimenta\/MG, conforme especifica\u00e7\u00f5es presentes no edital, seusanexos e conforme o que se segue: 1. Publica\u00e7\u00e3o e [&hellip;]<\/p>\n","protected":false},"author":4,"featured_media":6433,"comment_status":"closed","ping_status":"open","sticky":false,"template":"","format":"standard","meta":{"footnotes":""},"categories":[20,11,56],"tags":[],"class_list":["post-6392","post","type-post","status-publish","format-standard","has-post-thumbnail","hentry","category-administracao","category-informativo","category-assistencia-social","wpbf-post"],"_links":{"self":[{"href":"http:\/\/pimenta.mg.gov.br\/prefeitura\/wp-json\/wp\/v2\/posts\/6392","targetHints":{"allow":["GET"]}}],"collection":[{"href":"http:\/\/pimenta.mg.gov.br\/prefeitura\/wp-json\/wp\/v2\/posts"}],"about":[{"href":"http:\/\/pimenta.mg.gov.br\/prefeitura\/wp-json\/wp\/v2\/types\/post"}],"author":[{"embeddable":true,"href":"http:\/\/pimenta.mg.gov.br\/prefeitura\/wp-json\/wp\/v2\/users\/4"}],"replies":[{"embeddable":true,"href":"http:\/\/pimenta.mg.gov.br\/prefeitura\/wp-json\/wp\/v2\/comments?post=6392"}],"version-history":[{"count":5,"href":"http:\/\/pimenta.mg.gov.br\/prefeitura\/wp-json\/wp\/v2\/posts\/6392\/revisions"}],"predecessor-version":[{"id":6440,"href":"http:\/\/pimenta.mg.gov.br\/prefeitura\/wp-json\/wp\/v2\/posts\/6392\/revisions\/6440"}],"wp:featuredmedia":[{"embeddable":true,"href":"http:\/\/pimenta.mg.gov.br\/prefeitura\/wp-json\/wp\/v2\/media\/6433"}],"wp:attachment":[{"href":"http:\/\/pimenta.mg.gov.br\/prefeitura\/wp-json\/wp\/v2\/media?parent=6392"}],"wp:term":[{"taxonomy":"category","embeddable":true,"href":"http:\/\/pimenta.mg.gov.br\/prefeitura\/wp-json\/wp\/v2\/categories?post=6392"},{"taxonomy":"post_tag","embeddable":true,"href":"http:\/\/pimenta.mg.gov.br\/prefeitura\/wp-json\/wp\/v2\/tags?post=6392"}],"curies":[{"name":"wp","href":"https:\/\/api.w.org\/{rel}","templated":true}]}}