{"id":6020,"date":"2022-08-01T13:10:50","date_gmt":"2022-08-01T16:10:50","guid":{"rendered":"http:\/\/pimenta.mg.gov.br\/prefeitura\/?p=6020"},"modified":"2022-08-01T13:11:51","modified_gmt":"2022-08-01T16:11:51","slug":"confira-as-datas-e-os-locais-da-campanha-de-vacinacao-antirrabica-de-2022","status":"publish","type":"post","link":"http:\/\/pimenta.mg.gov.br\/prefeitura\/confira-as-datas-e-os-locais-da-campanha-de-vacinacao-antirrabica-de-2022\/","title":{"rendered":"Confira as datas e os locais da Campanha de Vacina\u00e7\u00e3o Antirr\u00e1bica de 2022"},"content":{"rendered":"\n<p>? ZONA URBANA<br>? Per\u00edodo de 01\/08 \u00e0 27\/08<br>? 08h \u00e0s 10:30h e 12:30h \u00e0s 15h<\/p>\n\n\n\n<p><\/p>\n\n\n\n<p>01\/08: Jardim S\u00e3o Jos\u00e9 (Na Guarita do \u00f4nibus Escolar).<\/p>\n\n\n\n<p>02\/08 e 03\/08: Centro (Em frente \u00e0 Pra\u00e7a de Esportes).<\/p>\n\n\n\n<p>04\/08; 05\/08 e 08\/08: Centro (P\u00e1tio da Prefeitura Nova).<\/p>\n\n\n\n<p>09\/08; 10\/08 e 11\/08: Rauny; Vila Santa Rita; Beira Lago e Santo Ant\u00f4nio (UBS Lindoliva Rosa de Jesus).<\/p>\n\n\n\n<p>12\/08 e 15\/08: JK; Ant\u00f4nio Lara e Residencial Belvedere (Rodovi\u00e1ria).<\/p>\n\n\n\n<p>16\/08; 17\/08 e 18\/08: JK e Eldourado (UBS Jos\u00e9 do Sabininho).<\/p>\n\n\n\n<p>19\/08: Ilha do Caba\u00e7al.<\/p>\n\n\n\n<p>22\/08: Peixe Vivo (Av: Copacabana em frente \u00e0 Praia popular).<\/p>\n\n\n\n<p>23\/08: Novo Horizonte.<\/p>\n\n\n\n<p>24\/08, 25\/08 e 26\/08: Ser\u00e3o realizadas buscas, apenas em resid\u00eancias com c\u00e3es ferozes de grande porte que n\u00e3o possam ser manuseados fora dos domic\u00edlios. Os endere\u00e7os onde esses animais se encontram dever\u00e3o ser entregues aos vacinadores nos pontos de vacina\u00e7\u00e3o (listados acima).<\/p>\n\n\n\n<p>27\/08 Dia D: Centro em frente a Prefeitura Nova.<\/p>\n\n\n\n<p><\/p>\n\n\n\n<p>? ZONA RURAL<br>? Per\u00edodo de 01\/08 \u00e0 15\/09<br>? 08h \u00e0s 15h<\/p>\n\n\n\n<p>01\/08: Cruz.<\/p>\n\n\n\n<p>02\/08: Santo Hil\u00e1rio.<\/p>\n\n\n\n<p>03\/08: Canto do Lago e Retiro.<\/p>\n\n\n\n<p>04\/08: C\u00f3rrego Dantas e Tr\u00eas Barras.<\/p>\n\n\n\n<p>05\/08 e 08\/08: Barreiro e Vivendas do Lago.<\/p>\n\n\n\n<p>09\/08: Olhos d\u2019\u00c1gua; Est\u00e2ncia de Furnas.<\/p>\n\n\n\n<p>10\/08 a 11\/08: Vargem Grande.<\/p>\n\n\n\n<p>15\/08: Quilombo de Baixo.<\/p>\n\n\n\n<p>16\/08: Chapad\u00e3o, Grot\u00e3o e Usina.<\/p>\n\n\n\n<p>17\/08: Quilombo de Cima.<\/p>\n\n\n\n<p>18\/08: Geraldo Rodrigues.<\/p>\n\n\n\n<p>19\/08: Grama dos Cordeiros de Baixo e Cap\u00e3o de Baixo.<\/p>\n\n\n\n<p>22\/08; 23\/08 e 24\/08: Grama dos Cordeiros de cima.<\/p>\n\n\n\n<p>25\/08: Serra dos Lopes e Barro Preto (Povoado).<\/p>\n\n\n\n<p>26\/08: Tanque e C\u00f3rrego do Engenho.<\/p>\n\n\n\n<p>29\/08: Cap\u00e3o da Lenha.<\/p>\n\n\n\n<p>30\/08: Cava.<\/p>\n\n\n\n<p>31\/08: C\u00f3rrego Cavalo.<\/p>\n\n\n\n<p>02\/09: Estiva.<\/p>\n\n\n\n<p>05\/09 e 06\/09: C\u00f3rrego da Limeira e Caracol.<\/p>\n\n\n\n<p>07\/09: Capetinga e Cerradinho.<\/p>\n\n\n\n<p>08\/09; 09\/09 e 12\/09: Campo Alegre e Comunidade Boa Vista.<\/p>\n\n\n\n<p>13\/09: Capetinguinha e Cap\u00e3o do Gato.<\/p>\n\n\n\n<p>14\/09: Pousada e Enseada das Gar\u00e7as.<\/p>\n\n\n\n<p>15\/09: Juliana.<\/p>\n\n\n\n<p><\/p>\n\n\n\n<p>? Ser\u00e3o vacinados c\u00e3es e gatos com idade ACIMA DE 03 MESES de vida, e os animais devem ser levados apenas por um adulto respons\u00e1vel.<\/p>\n\n\n\n<p>? Os animais n\u00e3o podem estar doentes, ou tomando nenhum medicamento pois podem ocorrer rea\u00e7\u00f5es, havendo inclusive o risco de lev\u00e1-los ao \u00f3bito.<\/p>\n\n\n\n<p>? Na Zona Urbana ser\u00e3o montados postos de vacina\u00e7\u00e3o nos locais e datas divulgados na listagem abaixo.<\/p>\n\n\n\n<p>? Na Zona Rural ser\u00e3o realizadas buscas de casa em casa, em todas as comunidades nos locais e datas divulgados na listagem abaixo.<\/p>\n\n\n\n<p>\u26a0\ufe0f OBSERVA\u00c7\u00d5ES.:<br>&#8211; Os propriet\u00e1rios dever\u00e3o entregar o endere\u00e7o aos vacinadores nos pontos de vacina\u00e7\u00e3o.<br>&#8211; Devido ao grande aumento de im\u00f3veis no munic\u00edpio n\u00e3o ser\u00e3o vacinados c\u00e3es de pequeno porte e gatos nas resid\u00eancias.<br>&#8211; N\u00e3o haver\u00e1 retorno aos bairros j\u00e1 visitados.<br>&#8211; N\u00e3o haver\u00e1 retorno aos povoados para vacina\u00e7\u00e3o em casas que estiverem fechados ou com porteiras trancadas no per\u00edodo das visitas, que ocorrer\u00e1 entre \u00e0s 08:00 da manh\u00e3 \u00e0s 15:00 da tarde, durante os meses de agosto e a primeira quinzena de setembro.<br>&#8211; Ser\u00e1 obrigat\u00f3rio usar a m\u00e1scara no local e respeitar o distanciamento social.<\/p>\n\n\n\n<p>\u274c A vacina deve ser manuseada apenas pelos profissionais qualificados, n\u00e3o ser\u00e1 entregue em hip\u00f3tese alguma para os propriet\u00e1rios<\/p>\n","protected":false},"excerpt":{"rendered":"<p>? ZONA URBANA? Per\u00edodo de 01\/08 \u00e0 27\/08? 08h \u00e0s 10:30h e 12:30h \u00e0s 15h 01\/08: Jardim S\u00e3o Jos\u00e9 (Na Guarita do \u00f4nibus Escolar). 02\/08 e 03\/08: Centro (Em frente \u00e0 Pra\u00e7a de Esportes). 04\/08; 05\/08 e 08\/08: Centro (P\u00e1tio da Prefeitura Nova). 09\/08; 10\/08 e 11\/08: Rauny; Vila Santa Rita; Beira Lago e Santo [&hellip;]<\/p>\n","protected":false},"author":4,"featured_media":6023,"comment_status":"closed","ping_status":"open","sticky":false,"template":"","format":"standard","meta":{"footnotes":""},"categories":[20,11,19],"tags":[],"class_list":["post-6020","post","type-post","status-publish","format-standard","has-post-thumbnail","hentry","category-administracao","category-informativo","category-secretaria-de-saude","wpbf-post"],"_links":{"self":[{"href":"http:\/\/pimenta.mg.gov.br\/prefeitura\/wp-json\/wp\/v2\/posts\/6020","targetHints":{"allow":["GET"]}}],"collection":[{"href":"http:\/\/pimenta.mg.gov.br\/prefeitura\/wp-json\/wp\/v2\/posts"}],"about":[{"href":"http:\/\/pimenta.mg.gov.br\/prefeitura\/wp-json\/wp\/v2\/types\/post"}],"author":[{"embeddable":true,"href":"http:\/\/pimenta.mg.gov.br\/prefeitura\/wp-json\/wp\/v2\/users\/4"}],"replies":[{"embeddable":true,"href":"http:\/\/pimenta.mg.gov.br\/prefeitura\/wp-json\/wp\/v2\/comments?post=6020"}],"version-history":[{"count":1,"href":"http:\/\/pimenta.mg.gov.br\/prefeitura\/wp-json\/wp\/v2\/posts\/6020\/revisions"}],"predecessor-version":[{"id":6021,"href":"http:\/\/pimenta.mg.gov.br\/prefeitura\/wp-json\/wp\/v2\/posts\/6020\/revisions\/6021"}],"wp:featuredmedia":[{"embeddable":true,"href":"http:\/\/pimenta.mg.gov.br\/prefeitura\/wp-json\/wp\/v2\/media\/6023"}],"wp:attachment":[{"href":"http:\/\/pimenta.mg.gov.br\/prefeitura\/wp-json\/wp\/v2\/media?parent=6020"}],"wp:term":[{"taxonomy":"category","embeddable":true,"href":"http:\/\/pimenta.mg.gov.br\/prefeitura\/wp-json\/wp\/v2\/categories?post=6020"},{"taxonomy":"post_tag","embeddable":true,"href":"http:\/\/pimenta.mg.gov.br\/prefeitura\/wp-json\/wp\/v2\/tags?post=6020"}],"curies":[{"name":"wp","href":"https:\/\/api.w.org\/{rel}","templated":true}]}}