{"id":5122,"date":"2022-01-04T17:00:00","date_gmt":"2022-01-04T20:00:00","guid":{"rendered":"http:\/\/pimenta.mg.gov.br\/prefeitura\/?p=5122"},"modified":"2022-01-10T08:47:16","modified_gmt":"2022-01-10T11:47:16","slug":"5122-2","status":"publish","type":"post","link":"http:\/\/pimenta.mg.gov.br\/prefeitura\/5122-2\/","title":{"rendered":"Governo municipal convida produtores de Pimenta a aderir ao Programa Mais Gen\u00e9tica"},"content":{"rendered":"\n<p>O Programa Mais Gen\u00e9tica implantado em nosso munic\u00edpio realiza insemina\u00e7\u00f5es artificiais visando o melhoramento gen\u00e9tico do rebanho para obter maior produ\u00e7\u00e3o de leite ou carne.<\/p>\n\n\n\n<p>O projeto tem o intuito de beneficiar o pequeno e m\u00e9dio produtor rural, que recebe a doa\u00e7\u00e3o de s\u00eamen para insemina\u00e7\u00e3o. Com a melhoria do gado, \u00e9 poss\u00edvel aumentar a renda e a qualidade de vida dos produtores.<\/p>\n\n\n\n<p>O Governo municipal convida produtores rurais de Pimenta a aderir ao Programa Mais Gen\u00e9tica.<\/p>\n\n\n\n<p><img decoding=\"async\" height=\"16\" width=\"16\" alt=\"?\" src=\"https:\/\/www.facebook.com\/images\/emoji.php\/v9\/t51\/1\/16\/1f449.png\"> Entre em contato com a Emater:<br>(37) 3324-1491<\/p>\n\n\n\n<p>ou a Secretaria de Agricultura:<br>(37) 3324-1057<\/p>\n\n\n\n<figure class=\"wp-block-image size-large\"><img fetchpriority=\"high\" decoding=\"async\" width=\"1024\" height=\"461\" src=\"http:\/\/pimenta.mg.gov.br\/prefeitura\/wp-content\/uploads\/2022\/01\/WhatsApp-Image-2022-01-04-at-13.08.53-1024x461.jpeg\" alt=\"\" class=\"wp-image-5123\" srcset=\"http:\/\/pimenta.mg.gov.br\/prefeitura\/wp-content\/uploads\/2022\/01\/WhatsApp-Image-2022-01-04-at-13.08.53-1024x461.jpeg 1024w, http:\/\/pimenta.mg.gov.br\/prefeitura\/wp-content\/uploads\/2022\/01\/WhatsApp-Image-2022-01-04-at-13.08.53-300x135.jpeg 300w, http:\/\/pimenta.mg.gov.br\/prefeitura\/wp-content\/uploads\/2022\/01\/WhatsApp-Image-2022-01-04-at-13.08.53-768x346.jpeg 768w, http:\/\/pimenta.mg.gov.br\/prefeitura\/wp-content\/uploads\/2022\/01\/WhatsApp-Image-2022-01-04-at-13.08.53.jpeg 1280w\" sizes=\"(max-width: 1024px) 100vw, 1024px\" \/><\/figure>\n\n\n\n<div class=\"wp-block-columns is-layout-flex wp-container-core-columns-is-layout-28f84493 wp-block-columns-is-layout-flex\">\n<div class=\"wp-block-column is-layout-flow wp-block-column-is-layout-flow\">\n<figure class=\"wp-block-image size-large\"><img decoding=\"async\" width=\"768\" height=\"1024\" src=\"http:\/\/pimenta.mg.gov.br\/prefeitura\/wp-content\/uploads\/2022\/01\/WhatsApp-Image-2022-01-04-at-13.08.531-768x1024.jpeg\" alt=\"\" class=\"wp-image-5124\" srcset=\"http:\/\/pimenta.mg.gov.br\/prefeitura\/wp-content\/uploads\/2022\/01\/WhatsApp-Image-2022-01-04-at-13.08.531-768x1024.jpeg 768w, http:\/\/pimenta.mg.gov.br\/prefeitura\/wp-content\/uploads\/2022\/01\/WhatsApp-Image-2022-01-04-at-13.08.531-1152x1536.jpeg 1152w, http:\/\/pimenta.mg.gov.br\/prefeitura\/wp-content\/uploads\/2022\/01\/WhatsApp-Image-2022-01-04-at-13.08.531-225x300.jpeg 225w, http:\/\/pimenta.mg.gov.br\/prefeitura\/wp-content\/uploads\/2022\/01\/WhatsApp-Image-2022-01-04-at-13.08.531.jpeg 1200w\" sizes=\"(max-width: 768px) 100vw, 768px\" \/><\/figure>\n<\/div>\n\n\n\n<div class=\"wp-block-column is-layout-flow wp-block-column-is-layout-flow\">\n<figure class=\"wp-block-image size-large\"><img loading=\"lazy\" decoding=\"async\" width=\"960\" height=\"1280\" src=\"http:\/\/pimenta.mg.gov.br\/prefeitura\/wp-content\/uploads\/2022\/01\/WhatsApp-Image-2022-01-04-at-13.08.54-edited.jpeg\" alt=\"\" class=\"wp-image-5126\" srcset=\"http:\/\/pimenta.mg.gov.br\/prefeitura\/wp-content\/uploads\/2022\/01\/WhatsApp-Image-2022-01-04-at-13.08.54-edited.jpeg 960w, http:\/\/pimenta.mg.gov.br\/prefeitura\/wp-content\/uploads\/2022\/01\/WhatsApp-Image-2022-01-04-at-13.08.54-edited-225x300.jpeg 225w, http:\/\/pimenta.mg.gov.br\/prefeitura\/wp-content\/uploads\/2022\/01\/WhatsApp-Image-2022-01-04-at-13.08.54-edited-768x1024.jpeg 768w\" sizes=\"(max-width: 960px) 100vw, 960px\" \/><\/figure>\n<\/div>\n<\/div>\n\n\n\n<p><\/p>\n","protected":false},"excerpt":{"rendered":"<p>O Programa Mais Gen\u00e9tica implantado em nosso munic\u00edpio realiza insemina\u00e7\u00f5es artificiais visando o melhoramento gen\u00e9tico do rebanho para obter maior produ\u00e7\u00e3o de leite ou carne. O projeto tem o intuito de beneficiar o pequeno e m\u00e9dio produtor rural, que recebe a doa\u00e7\u00e3o de s\u00eamen para insemina\u00e7\u00e3o. Com a melhoria do gado, \u00e9 poss\u00edvel aumentar a [&hellip;]<\/p>\n","protected":false},"author":4,"featured_media":5123,"comment_status":"closed","ping_status":"open","sticky":false,"template":"","format":"standard","meta":{"footnotes":""},"categories":[20,11],"tags":[],"class_list":["post-5122","post","type-post","status-publish","format-standard","has-post-thumbnail","hentry","category-administracao","category-informativo","wpbf-post"],"_links":{"self":[{"href":"http:\/\/pimenta.mg.gov.br\/prefeitura\/wp-json\/wp\/v2\/posts\/5122","targetHints":{"allow":["GET"]}}],"collection":[{"href":"http:\/\/pimenta.mg.gov.br\/prefeitura\/wp-json\/wp\/v2\/posts"}],"about":[{"href":"http:\/\/pimenta.mg.gov.br\/prefeitura\/wp-json\/wp\/v2\/types\/post"}],"author":[{"embeddable":true,"href":"http:\/\/pimenta.mg.gov.br\/prefeitura\/wp-json\/wp\/v2\/users\/4"}],"replies":[{"embeddable":true,"href":"http:\/\/pimenta.mg.gov.br\/prefeitura\/wp-json\/wp\/v2\/comments?post=5122"}],"version-history":[{"count":2,"href":"http:\/\/pimenta.mg.gov.br\/prefeitura\/wp-json\/wp\/v2\/posts\/5122\/revisions"}],"predecessor-version":[{"id":5143,"href":"http:\/\/pimenta.mg.gov.br\/prefeitura\/wp-json\/wp\/v2\/posts\/5122\/revisions\/5143"}],"wp:featuredmedia":[{"embeddable":true,"href":"http:\/\/pimenta.mg.gov.br\/prefeitura\/wp-json\/wp\/v2\/media\/5123"}],"wp:attachment":[{"href":"http:\/\/pimenta.mg.gov.br\/prefeitura\/wp-json\/wp\/v2\/media?parent=5122"}],"wp:term":[{"taxonomy":"category","embeddable":true,"href":"http:\/\/pimenta.mg.gov.br\/prefeitura\/wp-json\/wp\/v2\/categories?post=5122"},{"taxonomy":"post_tag","embeddable":true,"href":"http:\/\/pimenta.mg.gov.br\/prefeitura\/wp-json\/wp\/v2\/tags?post=5122"}],"curies":[{"name":"wp","href":"https:\/\/api.w.org\/{rel}","templated":true}]}}