{"id":3794,"date":"2021-08-25T13:42:00","date_gmt":"2021-08-25T16:42:00","guid":{"rendered":"http:\/\/pimenta.mg.gov.br\/prefeitura\/?p=3794"},"modified":"2021-08-30T13:44:48","modified_gmt":"2021-08-30T16:44:48","slug":"secretaria-de-assistencia-social-homenageia-os-usuarios-da-apae","status":"publish","type":"post","link":"http:\/\/pimenta.mg.gov.br\/prefeitura\/secretaria-de-assistencia-social-homenageia-os-usuarios-da-apae\/","title":{"rendered":"Secretaria de Assist\u00eancia Social Homenageia os usu\u00e1rios da APAE"},"content":{"rendered":"\n<p>\u201cO futuro se faz com a conscientiza\u00e7\u00e3o das diferen\u00e7as\u201d<\/p>\n\n\n\n<p>A Administra\u00e7\u00e3o parabeniza a Associa\u00e7\u00e3o de Pais e Amigos dos Excepcionais (APAE) de Pimenta pelo belo trabalho que vem realizando em nosso munic\u00edpio na ocasi\u00e3o da Semana Nacional da Pessoa com Defici\u00eancia Intelectual e M\u00faltipla, que ocorre todos os anos, de 21 \u00e0 28 de agosto.<\/p>\n\n\n\n<p>Em homenagem aos usu\u00e1rios da APAE a Secretaria de Assist\u00eancia Social proporcionou um lanche especial, nesta quarta-feira. Estiveram presentes: a Secret\u00e1ria de Assist\u00eancia Social Rosilene In\u00e1cio, Felipe Rezende Presidente do Conselho Municipal dos Direitos da Pessoa com Defici\u00eancia (CMDPD), Breno Baldoni assistente social, a diretora da institui\u00e7\u00e3o Maria Wanderleia Lopes e a assistente social Nathalia Brunelle Esp\u00edndola.<\/p>\n\n\n\n<p>O objetivo da campanha realizada nesta semana \u00e9 divulgar conhecimento sobre as condi\u00e7\u00f5es sociais das pessoas com defici\u00eancia intelectual e m\u00faltipla, como meio de transforma\u00e7\u00e3o da realidade, superando as barreiras que as impedem de participar coletivamente em igualdade de condi\u00e7\u00f5es com as demais pessoas.<\/p>\n\n\n\n<p>Mobilize-se! Voc\u00ea tamb\u00e9m pode fazer a diferen\u00e7a. Fa\u00e7a uma visita ou uma doa\u00e7\u00e3o \u00e0 nossa APAE.<\/p>\n\n\n\n<figure class=\"wp-block-image size-large\"><img fetchpriority=\"high\" decoding=\"async\" width=\"1024\" height=\"768\" src=\"http:\/\/pimenta.mg.gov.br\/prefeitura\/wp-content\/uploads\/2021\/08\/apae-1-1024x768.jpg\" alt=\"\" class=\"wp-image-3795\" srcset=\"http:\/\/pimenta.mg.gov.br\/prefeitura\/wp-content\/uploads\/2021\/08\/apae-1-1024x768.jpg 1024w, http:\/\/pimenta.mg.gov.br\/prefeitura\/wp-content\/uploads\/2021\/08\/apae-1-300x225.jpg 300w, http:\/\/pimenta.mg.gov.br\/prefeitura\/wp-content\/uploads\/2021\/08\/apae-1-768x576.jpg 768w, http:\/\/pimenta.mg.gov.br\/prefeitura\/wp-content\/uploads\/2021\/08\/apae-1.jpg 1168w\" sizes=\"(max-width: 1024px) 100vw, 1024px\" \/><\/figure>\n","protected":false},"excerpt":{"rendered":"<p>\u201cO futuro se faz com a conscientiza\u00e7\u00e3o das diferen\u00e7as\u201d A Administra\u00e7\u00e3o parabeniza a Associa\u00e7\u00e3o de Pais e Amigos dos Excepcionais (APAE) de Pimenta pelo belo trabalho que vem realizando em nosso munic\u00edpio na ocasi\u00e3o da Semana Nacional da Pessoa com Defici\u00eancia Intelectual e M\u00faltipla, que ocorre todos os anos, de 21 \u00e0 28 de agosto. [&hellip;]<\/p>\n","protected":false},"author":4,"featured_media":3795,"comment_status":"closed","ping_status":"open","sticky":false,"template":"","format":"standard","meta":{"footnotes":""},"categories":[11,56],"tags":[],"class_list":["post-3794","post","type-post","status-publish","format-standard","has-post-thumbnail","hentry","category-informativo","category-assistencia-social","wpbf-post"],"_links":{"self":[{"href":"http:\/\/pimenta.mg.gov.br\/prefeitura\/wp-json\/wp\/v2\/posts\/3794","targetHints":{"allow":["GET"]}}],"collection":[{"href":"http:\/\/pimenta.mg.gov.br\/prefeitura\/wp-json\/wp\/v2\/posts"}],"about":[{"href":"http:\/\/pimenta.mg.gov.br\/prefeitura\/wp-json\/wp\/v2\/types\/post"}],"author":[{"embeddable":true,"href":"http:\/\/pimenta.mg.gov.br\/prefeitura\/wp-json\/wp\/v2\/users\/4"}],"replies":[{"embeddable":true,"href":"http:\/\/pimenta.mg.gov.br\/prefeitura\/wp-json\/wp\/v2\/comments?post=3794"}],"version-history":[{"count":1,"href":"http:\/\/pimenta.mg.gov.br\/prefeitura\/wp-json\/wp\/v2\/posts\/3794\/revisions"}],"predecessor-version":[{"id":3796,"href":"http:\/\/pimenta.mg.gov.br\/prefeitura\/wp-json\/wp\/v2\/posts\/3794\/revisions\/3796"}],"wp:featuredmedia":[{"embeddable":true,"href":"http:\/\/pimenta.mg.gov.br\/prefeitura\/wp-json\/wp\/v2\/media\/3795"}],"wp:attachment":[{"href":"http:\/\/pimenta.mg.gov.br\/prefeitura\/wp-json\/wp\/v2\/media?parent=3794"}],"wp:term":[{"taxonomy":"category","embeddable":true,"href":"http:\/\/pimenta.mg.gov.br\/prefeitura\/wp-json\/wp\/v2\/categories?post=3794"},{"taxonomy":"post_tag","embeddable":true,"href":"http:\/\/pimenta.mg.gov.br\/prefeitura\/wp-json\/wp\/v2\/tags?post=3794"}],"curies":[{"name":"wp","href":"https:\/\/api.w.org\/{rel}","templated":true}]}}