{"id":16714,"date":"2026-04-24T11:14:40","date_gmt":"2026-04-24T14:14:40","guid":{"rendered":"http:\/\/pimenta.mg.gov.br\/prefeitura\/?p=16714"},"modified":"2026-04-24T11:14:43","modified_gmt":"2026-04-24T14:14:43","slug":"edital-de-processo-seletivo-simplificado-no-002-2026-cargo-reserva","status":"publish","type":"post","link":"http:\/\/pimenta.mg.gov.br\/prefeitura\/edital-de-processo-seletivo-simplificado-no-002-2026-cargo-reserva\/","title":{"rendered":"EDITAL DE PROCESSO SELETIVO SIMPLIFICADO N\u00ba 002\/2026 &#8211; CARGO RESERVA"},"content":{"rendered":"\n<p><strong>PROCESSO SELETIVO SIMPLIFICADO N\u00ba 002\/2026 \u2013 EDUCA\u00c7\u00c3O<\/strong><\/p>\n\n\n\n<p>A Prefeitura Municipal de Pimenta\/MG torna p\u00fablico a abertura do Processo Seletivo Simplificado n\u00ba 002\/2026, destinado \u00e0 forma\u00e7\u00e3o de cadastro reserva para contrata\u00e7\u00e3o tempor\u00e1ria de profissionais para a Rede Municipal de Ensino.<\/p>\n\n\n\n<p>\ud83d\udd39 <strong>Cargos dispon\u00edveis:<\/strong><\/p>\n\n\n\n<ul class=\"wp-block-list\">\n<li>Monitor I<\/li>\n\n\n\n<li>Monitor II<\/li>\n\n\n\n<li>Monitor de Transporte Escolar<\/li>\n\n\n\n<li>Auxiliar de Servi\u00e7os Gerais<\/li>\n<\/ul>\n\n\n\n<p>\ud83d\udcb0 <strong>Remunera\u00e7\u00e3o:<\/strong> R$ 1.621,00 + aux\u00edlio alimenta\u00e7\u00e3o<br>\u23f0 <strong>Carga hor\u00e1ria:<\/strong> 30h ou 44h semanais (conforme o cargo)<\/p>\n\n\n\n<p>\ud83d\udccd <strong>Inscri\u00e7\u00f5es presenciais:<\/strong><br>Local: Secretaria Municipal de Educa\u00e7\u00e3o<br>Endere\u00e7o: Av. J.K, 396 \u2013 Centro \u2013 Pimenta\/MG<\/p>\n\n\n\n<p>\ud83d\udcc5 <strong>Per\u00edodo:<\/strong> 28\/04\/2026 a 29\/04\/2026<br>\ud83d\udd57 <strong>Hor\u00e1rios:<\/strong><\/p>\n\n\n\n<ul class=\"wp-block-list\">\n<li>08h \u00e0s 11h<\/li>\n\n\n\n<li>13h \u00e0s 16h<\/li>\n<\/ul>\n\n\n\n<p>\ud83d\udcca <strong>Forma de sele\u00e7\u00e3o:<\/strong><br>Avalia\u00e7\u00e3o de t\u00edtulos e experi\u00eancia profissional (classificat\u00f3ria).<\/p>\n\n\n\n<p>\ud83d\udce2 <strong>Resultado final:<\/strong> 12\/05\/2026<\/p>\n\n\n\n<p>\u26a0\ufe0f Importante:<br>Cada candidato poder\u00e1 se inscrever para apenas um cargo e dever\u00e1 apresentar toda a documenta\u00e7\u00e3o exigida no edital.<\/p>\n\n\n\n<div data-wp-interactive=\"core\/file\" class=\"wp-block-file\"><object data-wp-bind--hidden=\"!state.hasPdfPreview\" hidden class=\"wp-block-file__embed\" data=\"http:\/\/pimenta.mg.gov.br\/prefeitura\/wp-content\/uploads\/2026\/04\/PROCESSO-SELETIVO-002-2026-SIMPLIFICADO-DA-EDUCACAO-\u2013-Prefeitura-Municipal-de-Pimenta.pdf\" type=\"application\/pdf\" style=\"width:100%;height:600px\" aria-label=\"Incorporado de PROCESSO SELETIVO-002-2026- SIMPLIFICADO DA EDUCA\u00c7\u00c3O \u2013 Prefeitura Municipal de Pimenta.\"><\/object><a id=\"wp-block-file--media-2d4aaa7c-1d86-4de5-b70c-6343c2b25f12\" href=\"http:\/\/pimenta.mg.gov.br\/prefeitura\/wp-content\/uploads\/2026\/04\/PROCESSO-SELETIVO-002-2026-SIMPLIFICADO-DA-EDUCACAO-\u2013-Prefeitura-Municipal-de-Pimenta.pdf\">PROCESSO SELETIVO-002-2026- SIMPLIFICADO DA EDUCA\u00c7\u00c3O \u2013 Prefeitura Municipal de Pimenta<\/a><a href=\"http:\/\/pimenta.mg.gov.br\/prefeitura\/wp-content\/uploads\/2026\/04\/PROCESSO-SELETIVO-002-2026-SIMPLIFICADO-DA-EDUCACAO-\u2013-Prefeitura-Municipal-de-Pimenta.pdf\" class=\"wp-block-file__button wp-element-button\" download aria-describedby=\"wp-block-file--media-2d4aaa7c-1d86-4de5-b70c-6343c2b25f12\">Baixar<\/a><\/div>\n","protected":false},"excerpt":{"rendered":"<p>PROCESSO SELETIVO SIMPLIFICADO N\u00ba 002\/2026 \u2013 EDUCA\u00c7\u00c3O A Prefeitura Municipal de Pimenta\/MG torna p\u00fablico a abertura do Processo Seletivo Simplificado n\u00ba 002\/2026, destinado \u00e0 forma\u00e7\u00e3o de cadastro reserva para contrata\u00e7\u00e3o tempor\u00e1ria de profissionais para a Rede Municipal de Ensino. \ud83d\udd39 Cargos dispon\u00edveis: \ud83d\udcb0 Remunera\u00e7\u00e3o: R$ 1.621,00 + aux\u00edlio alimenta\u00e7\u00e3o\u23f0 Carga hor\u00e1ria: 30h ou 44h semanais [&hellip;]<\/p>\n","protected":false},"author":4,"featured_media":16715,"comment_status":"closed","ping_status":"open","sticky":false,"template":"","format":"standard","meta":{"footnotes":""},"categories":[55],"tags":[],"class_list":["post-16714","post","type-post","status-publish","format-standard","has-post-thumbnail","hentry","category-secretaria-de-educacao","wpbf-post"],"_links":{"self":[{"href":"http:\/\/pimenta.mg.gov.br\/prefeitura\/wp-json\/wp\/v2\/posts\/16714","targetHints":{"allow":["GET"]}}],"collection":[{"href":"http:\/\/pimenta.mg.gov.br\/prefeitura\/wp-json\/wp\/v2\/posts"}],"about":[{"href":"http:\/\/pimenta.mg.gov.br\/prefeitura\/wp-json\/wp\/v2\/types\/post"}],"author":[{"embeddable":true,"href":"http:\/\/pimenta.mg.gov.br\/prefeitura\/wp-json\/wp\/v2\/users\/4"}],"replies":[{"embeddable":true,"href":"http:\/\/pimenta.mg.gov.br\/prefeitura\/wp-json\/wp\/v2\/comments?post=16714"}],"version-history":[{"count":1,"href":"http:\/\/pimenta.mg.gov.br\/prefeitura\/wp-json\/wp\/v2\/posts\/16714\/revisions"}],"predecessor-version":[{"id":16717,"href":"http:\/\/pimenta.mg.gov.br\/prefeitura\/wp-json\/wp\/v2\/posts\/16714\/revisions\/16717"}],"wp:featuredmedia":[{"embeddable":true,"href":"http:\/\/pimenta.mg.gov.br\/prefeitura\/wp-json\/wp\/v2\/media\/16715"}],"wp:attachment":[{"href":"http:\/\/pimenta.mg.gov.br\/prefeitura\/wp-json\/wp\/v2\/media?parent=16714"}],"wp:term":[{"taxonomy":"category","embeddable":true,"href":"http:\/\/pimenta.mg.gov.br\/prefeitura\/wp-json\/wp\/v2\/categories?post=16714"},{"taxonomy":"post_tag","embeddable":true,"href":"http:\/\/pimenta.mg.gov.br\/prefeitura\/wp-json\/wp\/v2\/tags?post=16714"}],"curies":[{"name":"wp","href":"https:\/\/api.w.org\/{rel}","templated":true}]}}