{"id":1482,"date":"2021-03-30T10:19:00","date_gmt":"2021-03-30T13:19:00","guid":{"rendered":"http:\/\/pimenta.mg.gov.br\/prefeitura\/?p=1482"},"modified":"2021-03-31T10:29:48","modified_gmt":"2021-03-31T13:29:48","slug":"prefeito-recebe-visita-de-felipe-de-souza-presidente-da-cmdpd","status":"publish","type":"post","link":"http:\/\/pimenta.mg.gov.br\/prefeitura\/prefeito-recebe-visita-de-felipe-de-souza-presidente-da-cmdpd\/","title":{"rendered":"Prefeito recebe visita de Felipe de Souza, presidente da CMDPD"},"content":{"rendered":"\n<div class=\"wp-block-columns is-layout-flex wp-container-core-columns-is-layout-28f84493 wp-block-columns-is-layout-flex\">\n<div class=\"wp-block-column is-layout-flow wp-block-column-is-layout-flow\" style=\"flex-basis:33.33%\">\n<figure class=\"wp-block-image size-large\"><img fetchpriority=\"high\" decoding=\"async\" width=\"766\" height=\"1024\" src=\"http:\/\/pimenta.mg.gov.br\/prefeitura\/wp-content\/uploads\/2021\/03\/WhatsApp-Image-2021-03-30-at-14.51.42-766x1024.jpeg\" alt=\"\" class=\"wp-image-1483\" srcset=\"http:\/\/pimenta.mg.gov.br\/prefeitura\/wp-content\/uploads\/2021\/03\/WhatsApp-Image-2021-03-30-at-14.51.42-766x1024.jpeg 766w, http:\/\/pimenta.mg.gov.br\/prefeitura\/wp-content\/uploads\/2021\/03\/WhatsApp-Image-2021-03-30-at-14.51.42-225x300.jpeg 225w, http:\/\/pimenta.mg.gov.br\/prefeitura\/wp-content\/uploads\/2021\/03\/WhatsApp-Image-2021-03-30-at-14.51.42-768x1026.jpeg 768w, http:\/\/pimenta.mg.gov.br\/prefeitura\/wp-content\/uploads\/2021\/03\/WhatsApp-Image-2021-03-30-at-14.51.42.jpeg 958w\" sizes=\"(max-width: 766px) 100vw, 766px\" \/><\/figure>\n<\/div>\n\n\n\n<div class=\"wp-block-column is-layout-flow wp-block-column-is-layout-flow\" style=\"flex-basis:66.66%\">\n<p>Nesta ter\u00e7a-feira, 30\/03, o presidente do Conselho Municipal dos Direitos da Pessoa com Defici\u00eancia \u2013 CMDPD, Felipe de Souza Resende, visitou o gabinete do Prefeito Geovanio Macedo para entregar um of\u00edcio solicitando a coloca\u00e7\u00e3o de corrim\u00e3os na Farm\u00e1cia de Minas para melhorar a acessibilidade das pessoas portadoras de necessidades especiais a esse local de atendimento p\u00fablico.<\/p>\n<\/div>\n<\/div>\n","protected":false},"excerpt":{"rendered":"<p>Nesta ter\u00e7a-feira, 30\/03, o presidente do Conselho Municipal dos Direitos da Pessoa com Defici\u00eancia \u2013 CMDPD, Felipe de Souza Resende, visitou o gabinete do Prefeito Geovanio Macedo para entregar um of\u00edcio solicitando a coloca\u00e7\u00e3o de corrim\u00e3os na Farm\u00e1cia de Minas para melhorar a acessibilidade das pessoas portadoras de necessidades especiais a esse local de atendimento [&hellip;]<\/p>\n","protected":false},"author":4,"featured_media":1483,"comment_status":"closed","ping_status":"open","sticky":false,"template":"","format":"standard","meta":{"footnotes":""},"categories":[20,11],"tags":[],"class_list":["post-1482","post","type-post","status-publish","format-standard","has-post-thumbnail","hentry","category-administracao","category-informativo","wpbf-post"],"_links":{"self":[{"href":"http:\/\/pimenta.mg.gov.br\/prefeitura\/wp-json\/wp\/v2\/posts\/1482","targetHints":{"allow":["GET"]}}],"collection":[{"href":"http:\/\/pimenta.mg.gov.br\/prefeitura\/wp-json\/wp\/v2\/posts"}],"about":[{"href":"http:\/\/pimenta.mg.gov.br\/prefeitura\/wp-json\/wp\/v2\/types\/post"}],"author":[{"embeddable":true,"href":"http:\/\/pimenta.mg.gov.br\/prefeitura\/wp-json\/wp\/v2\/users\/4"}],"replies":[{"embeddable":true,"href":"http:\/\/pimenta.mg.gov.br\/prefeitura\/wp-json\/wp\/v2\/comments?post=1482"}],"version-history":[{"count":2,"href":"http:\/\/pimenta.mg.gov.br\/prefeitura\/wp-json\/wp\/v2\/posts\/1482\/revisions"}],"predecessor-version":[{"id":1485,"href":"http:\/\/pimenta.mg.gov.br\/prefeitura\/wp-json\/wp\/v2\/posts\/1482\/revisions\/1485"}],"wp:featuredmedia":[{"embeddable":true,"href":"http:\/\/pimenta.mg.gov.br\/prefeitura\/wp-json\/wp\/v2\/media\/1483"}],"wp:attachment":[{"href":"http:\/\/pimenta.mg.gov.br\/prefeitura\/wp-json\/wp\/v2\/media?parent=1482"}],"wp:term":[{"taxonomy":"category","embeddable":true,"href":"http:\/\/pimenta.mg.gov.br\/prefeitura\/wp-json\/wp\/v2\/categories?post=1482"},{"taxonomy":"post_tag","embeddable":true,"href":"http:\/\/pimenta.mg.gov.br\/prefeitura\/wp-json\/wp\/v2\/tags?post=1482"}],"curies":[{"name":"wp","href":"https:\/\/api.w.org\/{rel}","templated":true}]}}