{"id":11431,"date":"2024-05-29T17:20:13","date_gmt":"2024-05-29T20:20:13","guid":{"rendered":"http:\/\/pimenta.mg.gov.br\/prefeitura\/?p=11431"},"modified":"2024-06-10T14:07:15","modified_gmt":"2024-06-10T17:07:15","slug":"11431-2","status":"publish","type":"post","link":"http:\/\/pimenta.mg.gov.br\/prefeitura\/11431-2\/","title":{"rendered":"Publica\u00e7\u00e3o dos resultados da LAB (Lei Aldir Blanc)"},"content":{"rendered":"\n<p>Publica\u00e7\u00e3o dos resultados da LAB ( Lei Aldir Blanc )<\/p>\n\n\n\n<p>Portaria MINC n\u00ba 119 de 28 de mar\u00e7o de 2024<br>Lei Federal n\u00ba 14.399 de 08 de julho de 2022<br><br>INSCRITOS:<\/p>\n\n\n\n<p>Bolsa para A\u00e7\u00f5es e Eventos a serem realizados por Associa\u00e7\u00f5es Culturais<\/p>\n\n\n\n<ul class=\"wp-block-list\">\n<li>Associa\u00e7\u00e3o Cultural Esportiva Sem Fronteiras<\/li>\n<\/ul>\n\n\n\n<ul class=\"wp-block-list\">\n<li>Associa\u00e7\u00e3o Recreativa e Cultural de Pimenta &#8211; Dom de Ser Pimentense.<\/li>\n<\/ul>\n\n\n\n<ul class=\"wp-block-list\">\n<li>Associa\u00e7\u00e3o Recreativa Esportiva e Cultural Unidos Por Acaso .<\/li>\n<\/ul>\n\n\n\n<p>Bolsa Liter\u00e1ria:<\/p>\n\n\n\n<ul class=\"wp-block-list\">\n<li>Weishman Marcos Mac\u00eado .<\/li>\n<\/ul>\n\n\n\n<p>Documentos a serem apresentados pessoalmente na SECTUR (das 08hs \u00e0s 17hs) Avenida JK , 13 Galp\u00e3o Cultural.<\/p>\n\n\n\n<p>Documentos associa\u00e7\u00e3o pessoa Jur\u00eddica :<\/p>\n\n\n\n<p>1- Registro comercial, em caso de empresa individual; ou Ato constitutivo, estatuto ou contrato social em vigor, com todas as suas altera\u00e7\u00f5es, ou ato constitutivo consolidado, devidamente registrado, em se tratando de sociedades comerciais, e, no caso de sociedades por a\u00e7\u00f5es, acompanhado de documentos de elei\u00e7\u00f5es de seus administradores.<\/p>\n\n\n\n<p><br>2- Prova de inscri\u00e7\u00e3o no Cadastro Nacional de Pessoas Jur\u00eddicas do Minist\u00e9rio da Fazenda (CNPJ).<br><\/p>\n\n\n\n<p>3- Prova de inscri\u00e7\u00e3o no Cadastro de Contribuintes Estadual ou Municipal, relativo ao domic\u00edlio ou sede do licitante, pertinente ao seu ramo de atividade e compat\u00edvel com o objeto do certame;<\/p>\n\n\n\n<p><br>4- Prova de regularidade perante o Fundo de Garantia por Tempo de Servi\u00e7o (FGTS), por meio da apresenta\u00e7\u00e3o do CRF &#8211; Certificado de Regularidade do FGTS;<\/p>\n\n\n\n<p><br>5- Prova de regularidade trabalhista, mediante certid\u00e3o negativa ou negativa com efeitos de positiva emitida pela Justi\u00e7a do Trabalho, na forma dos artigos 27, inciso IV, e 29, inciso V, da Lei 8.666\/93.<\/p>\n\n\n\n<p><br>6- Certid\u00e3o C\u00edvel Negativa Judicial ou Certid\u00e3o Negativa espec\u00edfica de Fal\u00eancia e Concordata, datada de no m\u00e1ximo 90 (noventa) dias corridos anteriores \u00e0 data de realiza\u00e7\u00e3o da sess\u00e3o p\u00fablica deste edital , se outro prazo n\u00e3o for definido na pr\u00f3pria certid\u00e3o.<br><\/p>\n\n\n\n<p>7- Declara\u00e7\u00e3o de que a empresa n\u00e3o emprega menores de 18 anos em trabalho noturno, perigoso ou insalubre e menores de 16 anos de idade, salvo na condi\u00e7\u00e3o de aprendiz, a partir de 14 anos, conforme disposto no inciso XXXIII, do art. 7\u00ba da Constitui\u00e7\u00e3o Federal, emitido pela Delegacia Regional do Trabalho ou pela pr\u00f3pria empresa licitante, conforme modelo anexo,<\/p>\n\n\n\n<p><br>8.1- Certid\u00e3o C\u00edvel Negativa Judicial ou Certid\u00e3o Negativa espec\u00edfica de Fal\u00eancia e Concordata, datada de no m\u00e1ximo 90 (noventa) dias corridos anteriores \u00e0 data de realiza\u00e7\u00e3o da sess\u00e3o p\u00fablica desta licita\u00e7\u00e3o, se outro prazo n\u00e3o for definido na pr\u00f3pria certid\u00e3o.<br>8.2- Certid\u00e3o negativa do controle interno de presta\u00e7\u00e3o de contas de conv\u00eanios.<\/p>\n\n\n\n<p>9- Plano de Trabalho de execu\u00e7\u00e3o do recurso.<\/p>\n\n\n\n<p>Documentos Pessoa F\u00edsica :<\/p>\n\n\n\n<p>1- Plano de Trabalho de Execu\u00e7\u00e3o do recurso.<\/p>\n\n\n\n<p>2- RG, <\/p>\n\n\n\n<p>3- CPF, <\/p>\n\n\n\n<p>4- Comprovante de Resid\u00eancia (morando 2 anos)<\/p>\n\n\n\n<p>5- Certid\u00e3o negativa municipal e estadual<\/p>\n\n\n\n<p><strong><em><mark style=\"background-color:rgba(0, 0, 0, 0)\" class=\"has-inline-color has-vivid-red-color\">Documenta\u00e7\u00e3o tem que ser entregue at\u00e9 o dia 06 de junho de 2024.<\/mark><\/em><\/strong><br><br><strong><em><mark style=\"background-color:rgba(0, 0, 0, 0)\" class=\"has-inline-color has-vivid-red-color\">Devido ao feriado estendido, houveram altera\u00e7\u00f5es nas datas na planilha de execu\u00e7\u00e3o.<\/mark><\/em><\/strong><br><\/p>\n","protected":false},"excerpt":{"rendered":"<p>Publica\u00e7\u00e3o dos resultados da LAB ( Lei Aldir Blanc ) Portaria MINC n\u00ba 119 de 28 de mar\u00e7o de 2024Lei Federal n\u00ba 14.399 de 08 de julho de 2022 INSCRITOS: Bolsa para A\u00e7\u00f5es e Eventos a serem realizados por Associa\u00e7\u00f5es Culturais Bolsa Liter\u00e1ria: Documentos a serem apresentados pessoalmente na SECTUR (das 08hs \u00e0s 17hs) Avenida [&hellip;]<\/p>\n","protected":false},"author":4,"featured_media":11432,"comment_status":"closed","ping_status":"open","sticky":true,"template":"","format":"standard","meta":{"footnotes":""},"categories":[11,56],"tags":[],"class_list":["post-11431","post","type-post","status-publish","format-standard","has-post-thumbnail","hentry","category-informativo","category-assistencia-social","wpbf-post"],"_links":{"self":[{"href":"http:\/\/pimenta.mg.gov.br\/prefeitura\/wp-json\/wp\/v2\/posts\/11431","targetHints":{"allow":["GET"]}}],"collection":[{"href":"http:\/\/pimenta.mg.gov.br\/prefeitura\/wp-json\/wp\/v2\/posts"}],"about":[{"href":"http:\/\/pimenta.mg.gov.br\/prefeitura\/wp-json\/wp\/v2\/types\/post"}],"author":[{"embeddable":true,"href":"http:\/\/pimenta.mg.gov.br\/prefeitura\/wp-json\/wp\/v2\/users\/4"}],"replies":[{"embeddable":true,"href":"http:\/\/pimenta.mg.gov.br\/prefeitura\/wp-json\/wp\/v2\/comments?post=11431"}],"version-history":[{"count":4,"href":"http:\/\/pimenta.mg.gov.br\/prefeitura\/wp-json\/wp\/v2\/posts\/11431\/revisions"}],"predecessor-version":[{"id":11460,"href":"http:\/\/pimenta.mg.gov.br\/prefeitura\/wp-json\/wp\/v2\/posts\/11431\/revisions\/11460"}],"wp:featuredmedia":[{"embeddable":true,"href":"http:\/\/pimenta.mg.gov.br\/prefeitura\/wp-json\/wp\/v2\/media\/11432"}],"wp:attachment":[{"href":"http:\/\/pimenta.mg.gov.br\/prefeitura\/wp-json\/wp\/v2\/media?parent=11431"}],"wp:term":[{"taxonomy":"category","embeddable":true,"href":"http:\/\/pimenta.mg.gov.br\/prefeitura\/wp-json\/wp\/v2\/categories?post=11431"},{"taxonomy":"post_tag","embeddable":true,"href":"http:\/\/pimenta.mg.gov.br\/prefeitura\/wp-json\/wp\/v2\/tags?post=11431"}],"curies":[{"name":"wp","href":"https:\/\/api.w.org\/{rel}","templated":true}]}}